[{"@context":"https:\/\/schema.org\/","@type":"Article","@id":"https:\/\/www.ha-ro.cz\/uvolnete-se-v-tom-spravnem-prostredi\/#Article","mainEntityOfPage":"https:\/\/www.ha-ro.cz\/uvolnete-se-v-tom-spravnem-prostredi\/","headline":"Uvoln\u011bte se v tom spr\u00e1vn\u00e9m prost\u0159ed\u00ed","name":"Uvoln\u011bte se v tom spr\u00e1vn\u00e9m prost\u0159ed\u00ed","description":"P\u0159ed t\u00edm, ne\u017e se pust\u00edme do za\u0159izov\u00e1n\u00ed ob\u00fdvac\u00edho pokoje, mus\u00edme si polo\u017eit ot\u00e1zku &#8211; jakou funkci bude...","datePublished":"2020-09-05","dateModified":"2023-05-06","author":{"@type":"Person","@id":"https:\/\/www.ha-ro.cz\/author\/#Person","name":"","url":"https:\/\/www.ha-ro.cz\/author\/","identifier":1,"image":{"@type":"ImageObject","@id":"https:\/\/secure.gravatar.com\/avatar\/390ba47df5874845ef3762ac16ecd0a67f4e30c13cbb7c7ee444ade303aa885b?s=96&d=mm&r=g","url":"https:\/\/secure.gravatar.com\/avatar\/390ba47df5874845ef3762ac16ecd0a67f4e30c13cbb7c7ee444ade303aa885b?s=96&d=mm&r=g","height":96,"width":96}},"publisher":{"@type":"Organization","name":"ha-ro.cz","logo":{"@type":"ImageObject","@id":"\/logo.png","url":"\/logo.png","width":600,"height":60}},"image":{"@type":"ImageObject","@id":"https:\/\/www.ha-ro.cz\/wp-content\/uploads\/img_a302080_w1710_t1512057648.png","url":"https:\/\/www.ha-ro.cz\/wp-content\/uploads\/img_a302080_w1710_t1512057648.png","height":0,"width":0},"url":"https:\/\/www.ha-ro.cz\/uvolnete-se-v-tom-spravnem-prostredi\/","about":["Zahrada a d\u016fm"],"wordCount":543,"articleBody":"P\u0159ed t\u00edm, ne\u017e se pust\u00edme do za\u0159izov\u00e1n\u00ed ob\u00fdvac\u00edho pokoje, mus\u00edme si polo\u017eit ot\u00e1zku &#8211; jakou funkci bude zrovna V\u00e1\u0161 obyv\u00e1k plnit? M\u016f\u017ee to toti\u017e b\u00fdt Va\u0161e o\u00e1za klidu a m\u00edsto pro ve\u010dern\u00ed setk\u00e1n\u00ed s rodinou, kde si \u0159eknete, jak jste se cel\u00fd den m\u011bli anebo to m\u016f\u017ee b\u00fdt m\u00edsto, kde budete po\u0159\u00e1dat ve\u010d\u00edrky a spole\u010densk\u00e9 akce pro zn\u00e1m\u00e9 a kamar\u00e1dy, \u010di klidn\u011b i obchodn\u00ed sch\u016fzky. D\u00e1le si mus\u00edme rozmyslet, zda ho chcete vybavit jednodu\u0161e nebo elegantn\u011b \u010di vylo\u017een\u011b luxusn\u011b, aby n\u00e1m ostatn\u00ed mohli z\u00e1vid\u011bt? Tak\u017ee pokud m\u00e1te v tomhle jasno, m\u016f\u017eete se na to vrhnout.Jako hlavn\u00ed v\u011bc je v\u00fdb\u011br t\u00e9 spr\u00e1vn\u00e9 barvy a rozd\u011blen\u00ed n\u00e1bytku, aby samoz\u0159ejm\u011b nezacl\u00e1n\u011bl slune\u010dn\u00edmu z\u00e1\u0159en\u00ed z okna \u010di nezakr\u00fdval radi\u00e1tor.&middot; Ozdobte si st\u011bnuNen\u00ed t\u0159eba m\u00edt v\u0161echny st\u011bny stejn\u011b barevn\u00e9. Klidn\u011b popus\u0165te uzdu sv\u00e9 fantazii jednu st\u011bnu vymalujte sytou barvou, jinak ozdobte nebo m\u016f\u017eete pou\u017e\u00edt oby\u010dejnou tapetu \u010di fototapetu, kter\u00e1 p\u016fsob\u00ed velice elegantn\u011b, pokud vyberete spr\u00e1vn\u00fd vzor, nap\u0159\u00edklad ornamenty. V\u011bt\u0161inou se jedn\u00e1 o ze\u010f za televiz\u00ed, kter\u00e1 je nejv\u00edce na o\u010d\u00edch, jeliko\u017e k televizi m\u00e1te v\u011bt\u0161inou nasm\u011brovan\u00fd gau\u010d.&middot; \u017d\u00e1dn\u00e9 odkladi\u0161t\u011bOb\u00fdvac\u00ed pokoj jist\u011b nen\u00ed m\u00edstem, kde byste m\u011bli skladovat kab\u00e1ty, lo\u017en\u00ed pr\u00e1dlo \u010di k\u0159i\u0161\u0165\u00e1l po babi\u010dce. Nic z toho nepat\u0159\u00ed do sk\u0159\u00edn\u011b v obyv\u00e1ku. Takov\u00e1 sk\u0159\u00ed\u0148 zab\u00edr\u00e1 spoustu m\u00edsta a vypad\u00e1 mohutn\u011b. Sta\u010d\u00ed p\u00e1r drobn\u00fdch sk\u0159\u00edn\u011bk, do kter\u00fdch ulo\u017e\u00edte nap\u0159\u00edklad DVD \u010di p\u00e1r dek, kter\u00e9 pou\u017e\u00edv\u00e1te na zakryt\u00ed p\u0159i ve\u010dern\u00edm sledov\u00e1n\u00ed televize.&middot; Hodn\u011b sv\u011btlaAby ob\u00fdvac\u00ed pokoj p\u016fsobil p\u0159\u00edjemn\u011b a vzdu\u0161n\u011b, je t\u0159eba ho po\u0159\u00e1dn\u011b prosv\u011btlit, co\u017e hlavn\u011b znamen\u00e1 spr\u00e1vn\u00fd v\u00fdb\u011br lustru, kter\u00fd by v \u017e\u00e1dn\u00e9m p\u0159\u00edpad\u011b nem\u011bl b\u00fdt s tmav\u00fdmi skly! Lustr vyb\u00edrejte co nejjednodu\u0161\u0161\u00ed. Nicm\u00e9n\u011b, p\u0159i v\u00fdb\u011bru lampy si mus\u00edte po\u0159\u00e1dn\u011b vybrat. Vybavte se klidn\u011b i malou lampi\u010dkou, ale nesm\u00ed to p\u016fsobit rozh\u00e1zen\u011b &#8211; lampi\u010dka a lampa spolu mus\u00ed ladit. Nejl\u00e9pe, kdy\u017e budou ladit tak\u00e9 s lustrem.&middot; Spr\u00e1vn\u00e9 textilieD\u00e1le je t\u0159eba tak\u00e9 sladit ve\u0161ker\u00e9 textilie, kter\u00e9 v ob\u00fdvac\u00edm pokoji m\u00e1te. Tak\u017ee pokud po\u0159izujete z\u00e1v\u011bsy, mus\u00edte je m\u00edt prakticky ve stejn\u00e9 barv\u011b jako pol\u0161t\u00e1\u0159ky na pohovce. Pokud ale m\u00e1te obyv\u00e1k vybaven modern\u011b, tak sp\u00ed\u0161e, ne\u017e z\u00e1v\u011bsy, doporu\u010dujeme oby\u010dejn\u00e9 \u017ealuzie, kter\u00e9 podtrhnou styl Va\u0161eho obyv\u00e1ku.Jako hlavn\u00ed a nejv\u011bt\u0161\u00ed kus n\u00e1bytku v obyv\u00e1ku je samoz\u0159ejm\u011b pohovka. R\u00e1di V\u00e1m porad\u00edme, jak si vybrat ten spr\u00e1vn\u00fd gau\u010d , na kter\u00e9m si skv\u011ble odpo\u010dinete \u010di posed\u00edte s rodinou a p\u0159\u00e1teli.                                                                                                                                                                                                                                                                                                                                                                                        3.9\/5 - (13 votes)        "},{"@context":"https:\/\/schema.org\/","@type":"BreadcrumbList","itemListElement":[{"@type":"ListItem","position":1,"name":"Uvoln\u011bte se v tom spr\u00e1vn\u00e9m prost\u0159ed\u00ed","item":"https:\/\/www.ha-ro.cz\/uvolnete-se-v-tom-spravnem-prostredi\/#breadcrumbitem"}]}]