[{"@context":"https:\/\/schema.org\/","@type":"Article","@id":"https:\/\/www.ha-ro.cz\/s-opravou-si-starost-fakt-nedelejte\/#Article","mainEntityOfPage":"https:\/\/www.ha-ro.cz\/s-opravou-si-starost-fakt-nedelejte\/","headline":"S opravou si starost fakt ned\u011blejte","name":"S opravou si starost fakt ned\u011blejte","description":"Nen\u00ed nic v\u00fdjime\u010dn\u00e9ho, kdy\u017e se Va\u0161e p\u0159epravn\u00ed palety n\u011bjak\u00fdm zp\u016fsobem po\u0161kod\u00ed. Nemus\u00edte je hned vyhazovat, nebo s...","datePublished":"2017-10-13","dateModified":"2024-04-16","author":{"@type":"Person","@id":"https:\/\/www.ha-ro.cz\/author\/#Person","name":"","url":"https:\/\/www.ha-ro.cz\/author\/","identifier":1,"image":{"@type":"ImageObject","@id":"https:\/\/secure.gravatar.com\/avatar\/390ba47df5874845ef3762ac16ecd0a67f4e30c13cbb7c7ee444ade303aa885b?s=96&d=mm&r=g","url":"https:\/\/secure.gravatar.com\/avatar\/390ba47df5874845ef3762ac16ecd0a67f4e30c13cbb7c7ee444ade303aa885b?s=96&d=mm&r=g","height":96,"width":96}},"publisher":{"@type":"Organization","name":"ha-ro.cz","logo":{"@type":"ImageObject","@id":"\/logo.png","url":"\/logo.png","width":600,"height":60}},"image":{"@type":"ImageObject","@id":"https:\/\/www.ha-ro.cz\/wp-content\/uploads\/img_a301755_w2355_t1511853878.jpg","url":"https:\/\/www.ha-ro.cz\/wp-content\/uploads\/img_a301755_w2355_t1511853878.jpg","height":0,"width":0},"url":"https:\/\/www.ha-ro.cz\/s-opravou-si-starost-fakt-nedelejte\/","about":["Produkty"],"wordCount":398,"articleBody":"       Nen\u00ed nic v\u00fdjime\u010dn\u00e9ho, kdy\u017e se Va\u0161e p\u0159epravn\u00ed palety n\u011bjak\u00fdm zp\u016fsobem po\u0161kod\u00ed. Nemus\u00edte je hned vyhazovat, nebo s nimi zatopit v kamnech. To by byla v\u00e1\u017en\u011b \u0161koda. Hlavn\u011b se nesna\u017ete o jejich opravu sami. Uv\u011bdomte si, \u017ee na takov\u00e9 opravy nejste \u00fapln\u011b vybaveni. Ani n\u00e1\u0159ad\u00edm, ani zku\u0161enostmi s takovou prac\u00ed. Od toho jsou druz\u00ed.  Co s po\u0161kozenou paletou? Kdy\u017e u\u017e dojde k po\u0161kozen\u00ed p\u0159epravn\u00ed palety, jak s takovou situac\u00ed nalo\u017e\u00edte? Rozsek\u00e1te paletu na t\u0159\u00edsky? Vyrob\u00edte si z n\u00ed zahradn\u00ed n\u00e1bytek, jak je to nyn\u00ed v kurzu? Nebo ji odlo\u017e\u00edte na skl\u00e1dku? Uv\u011bdomujete si, \u017ee p\u0159epravn\u00ed paletu pot\u0159ebujete? \u017de ji tedy budete muset nahradit jinou? A \u017ee to stoj\u00ed dost pen\u011bz, zvl\u00e1\u0161t\u011b tehdy, jedn\u00e1-li se o europaletu?  Ne, ne. Takov\u00fdm zp\u016fsobem s po\u0161kozenou paletou nejednejte. V\u017edy\u0165 se palety daj\u00ed opravit! Nebo vym\u011bnit! Pokud jednu z t\u011bchto variant zvol\u00edte, v\u011b\u0159te, \u017ee u\u0161et\u0159\u00edte dost pen\u011bz. A nikdy se nejedn\u00e1 jen o jednu, kdy\u017e palety k p\u0159eprav\u011b pou\u017e\u00edv\u00e1te denn\u011b! V\u00edte, co pen\u011bz byste vynalo\u017eil na po\u0159\u00edzen\u00ed nov\u00fdch? Rad\u011bji snad ani nep\u0159edstavovat. Rozhodn\u011bte se spr\u00e1vn\u011b. Bu\u010fte rozumn\u00fd a vyu\u017eijte slu\u017eeb servisu palet, kter\u00fd opravu palet zajist\u00ed podle p\u0159esn\u00fdch norem. Nebo po\u0161kozen\u00e9 palety odkoup\u00ed. Vy sice nebudete m\u00edt mo\u017enost zatopit si v kamnech kvalitn\u00edm d\u0159evem. Dokonce si ani nestlu\u010dete z paletov\u00fdch prk\u00fdnek zahradn\u00ed stole\u010dek, ale ur\u010dit\u011b nebudete muset vynakl\u00e1dat horentn\u00ed sumy za obnovu sv\u00fdch p\u0159epravn\u00edch pom\u016fcek. A co je tedy nejpodstatn\u011bj\u0161\u00ed v tuto chv\u00edli? Rozhodn\u011b Va\u0161e v\u00fdd\u011ble\u010dn\u00e1 \u010dinnost a firemn\u00ed \u00fa\u010detnictv\u00ed! Toho se dr\u017ete, kdy\u017e nad po\u0161kozen\u00fdmi paletami p\u0159em\u00edt\u00e1te.  Pokud chcete nazp\u011bt kvalitn\u00ed paletu, kterou jste, jako po\u0161kozenou, v servisu palet odevzdal, mus\u00edte po\u010d\u00edtat s \u010dasovou n\u00e1ro\u010dnost\u00ed p\u0159i jej\u00ed oprav\u011b. Vzhledem k tomu, \u017ee se bez palet neobejdete, rozumn\u011bj\u0161\u00ed bude, kdy\u017e provedete v\u00fdm\u011bnu. Potom \u010dekat nebudete. A m\u016f\u017eete ihned pokra\u010dovat ve sv\u00e9 podnikatelsk\u00e9 \u010dinnosti, ani\u017e byste m\u011bl dodac\u00ed prodlevy u sv\u00fdch klient\u016f.                                                                                                                                                                                                                                                                                                                                                                                           4.4\/5 - (7 votes)        "},{"@context":"https:\/\/schema.org\/","@type":"BreadcrumbList","itemListElement":[{"@type":"ListItem","position":1,"name":"S opravou si starost fakt ned\u011blejte","item":"https:\/\/www.ha-ro.cz\/s-opravou-si-starost-fakt-nedelejte\/#breadcrumbitem"}]}]