[{"@context":"https:\/\/schema.org\/","@type":"Article","@id":"https:\/\/www.ha-ro.cz\/foceni-miminek\/#Article","mainEntityOfPage":"https:\/\/www.ha-ro.cz\/foceni-miminek\/","headline":"Focen\u00ed miminek","name":"Focen\u00ed miminek","description":"Pokud byste si p\u0159\u00e1li m\u00edt kr\u00e1sn\u00e9 fotografie va\u0161\u00ed rodiny a hlavn\u011b miminka, kter\u00e9 se v\u00e1m t\u0159eba p\u0159ed...","datePublished":"2017-12-03","dateModified":"2023-12-12","author":{"@type":"Person","@id":"https:\/\/www.ha-ro.cz\/author\/#Person","name":"","url":"https:\/\/www.ha-ro.cz\/author\/","identifier":1,"image":{"@type":"ImageObject","@id":"https:\/\/secure.gravatar.com\/avatar\/390ba47df5874845ef3762ac16ecd0a67f4e30c13cbb7c7ee444ade303aa885b?s=96&d=mm&r=g","url":"https:\/\/secure.gravatar.com\/avatar\/390ba47df5874845ef3762ac16ecd0a67f4e30c13cbb7c7ee444ade303aa885b?s=96&d=mm&r=g","height":96,"width":96}},"publisher":{"@type":"Organization","name":"ha-ro.cz","logo":{"@type":"ImageObject","@id":"\/logo.png","url":"\/logo.png","width":600,"height":60}},"image":{"@type":"ImageObject","@id":"https:\/\/www.ha-ro.cz\/wp-content\/uploads\/img_a305103_w2090_t1516618845.jpg","url":"https:\/\/www.ha-ro.cz\/wp-content\/uploads\/img_a305103_w2090_t1516618845.jpg","height":0,"width":0},"url":"https:\/\/www.ha-ro.cz\/foceni-miminek\/","about":["Byznys"],"wordCount":385,"articleBody":"         Pokud byste si p\u0159\u00e1li m\u00edt kr\u00e1sn\u00e9 fotografie va\u0161\u00ed rodiny a hlavn\u011b miminka, kter\u00e9 se v\u00e1m t\u0159eba p\u0159ed chvilkou narodilo, tak byste si m\u011bli posp\u00ed\u0161it, proto\u017ee d\u011btstv\u00ed nikdy zp\u011bt nevr\u00e1t\u00edte a d\u011bti rostou jako z vody, tak\u017ee byste to m\u011bli m\u00edt zdokumentovan\u00e9, a tak si pojist\u00edte to, \u017ee a\u017e budete t\u0159eba star\u0161\u00ed, tak budete m\u00edt kr\u00e1sn\u00e9 a kvalitn\u00ed fotky, na kter\u00e9 se budete s va\u0161\u00ed velikou rodinou d\u00edvat. Tohle byste si potom mohli v budoucnu vy\u010d\u00edtat, \u017ee jste si nenechali tohle ud\u011blat. Bylo by to opravdu nep\u0159\u00edjemn\u00e9, kdybyste na to nemysleli a pak zjistili, \u017ee nem\u00e1te moc pou\u017eiteln\u00fdch fotografi\u00ed z d\u011btstv\u00ed va\u0161\u00ed mal\u00e9 dcerky nebo chlape\u010dka. Takhle si to kr\u00e1sn\u00e9 a jednodu\u0161e pojist\u00edte a budete m\u00edt jistotu, \u017ee fotky budou kr\u00e1sn\u011b vyfocen\u00e9 profesion\u00e1lem a budou m\u00edt po\u017eadovanou kvalitu. Kvalitn\u00ed fotograf v\u00ed, na co si m\u00e1te d\u00e1t pozor, jak to vyfotit, jak osv\u011btlit a podobn\u011b. Jak\u00e9 vybrat prost\u0159ed\u00ed. Jist\u011b toho nebudete litovat. P\u0159ipojte se i vy k cel\u00e9 \u0159ad\u011b na\u0161ich opravdu maxim\u00e1ln\u011b spokojen\u00fdch z\u00e1kazn\u00edk\u016f a budete jist\u011b velice nad\u0161en\u00ed, to je jasn\u00e9. V\u0161echny formace najdete zde tak\u017ee si to prolistujte a objednejte si term\u00edn a domluvte se s fotografkou na v\u0161ech podrobnostech. Skv\u011bl\u00e9 ceny Focen\u00ed nen\u00ed drah\u00e9. Budete m\u00edt kvalitn\u00ed a kr\u00e1sn\u00e9 fotky za opravdu minim\u00e1ln\u00ed \u010d\u00e1stky pen\u011bz, tak\u017ee se nebojte a ud\u011blejte to spr\u00e1vn\u00e9 rozhodnut\u00ed, kter\u00e9 v\u00e1s posune dop\u0159edu a jist\u011b toho nebudete litovat. A\u017e uvid\u00edte takov\u00e9 kr\u00e1sn\u00e9 fotky s dal\u0161\u00edmi rekvizity, tak budete nad\u0161en\u00ed. Nav\u00edc fotky m\u016f\u017eete je\u0161t\u011b vyu\u017e\u00edt v tom sm\u011bru, \u017ee z toho m\u016f\u017eete ud\u011blat t\u0159eba kr\u00e1sn\u00e9 fotky na V\u00e1noce, to je jasn\u00e9. Sami to ud\u011blejte co nejrychleji a budete nad\u0161en\u00ed po v\u0161ech str\u00e1nk\u00e1ch. Rozhodn\u011b nebudete litovat, to v\u00e1m garantujeme. Pod\u00edvejte se na fotky, kter\u00e9 fotografka vytvo\u0159it a ud\u011blejte si sami n\u00e1zor, jak to vlastn\u011b v\u0161echno prob\u00edh\u00e1 a jak\u00e9 jsou v\u00fdsledky.                                                                                                                                                                                                                                                                                                                                                                                          4.1\/5 - (10 votes)        "},{"@context":"https:\/\/schema.org\/","@type":"BreadcrumbList","itemListElement":[{"@type":"ListItem","position":1,"name":"Focen\u00ed miminek","item":"https:\/\/www.ha-ro.cz\/foceni-miminek\/#breadcrumbitem"}]}]