[{"@context":"https:\/\/schema.org\/","@type":"Article","@id":"https:\/\/www.ha-ro.cz\/dusevni-zdravi\/#Article","mainEntityOfPage":"https:\/\/www.ha-ro.cz\/dusevni-zdravi\/","headline":"Du\u0161evn\u00ed zdrav\u00ed","name":"Du\u0161evn\u00ed zdrav\u00ed","description":"Spoustu lid\u00ed si mysl\u00ed, \u017ee du\u0161evn\u00ed probl\u00e9my jsou velmi ojedin\u011bl\u00e1 v\u011bc, lidi s nimi nejsou schopni norm\u00e1ln\u00edho...","datePublished":"2023-05-06","dateModified":"2023-05-06","author":{"@type":"Person","@id":"https:\/\/www.ha-ro.cz\/author\/#Person","name":"","url":"https:\/\/www.ha-ro.cz\/author\/","identifier":1,"image":{"@type":"ImageObject","@id":"https:\/\/secure.gravatar.com\/avatar\/390ba47df5874845ef3762ac16ecd0a67f4e30c13cbb7c7ee444ade303aa885b?s=96&d=mm&r=g","url":"https:\/\/secure.gravatar.com\/avatar\/390ba47df5874845ef3762ac16ecd0a67f4e30c13cbb7c7ee444ade303aa885b?s=96&d=mm&r=g","height":96,"width":96}},"publisher":{"@type":"Organization","name":"ha-ro.cz","logo":{"@type":"ImageObject","@id":"\/logo.png","url":"\/logo.png","width":600,"height":60}},"image":{"@type":"ImageObject","@id":"https:\/\/www.ha-ro.cz\/wp-content\/uploads\/img_a294900_w2038_t1506622129.jpg","url":"https:\/\/www.ha-ro.cz\/wp-content\/uploads\/img_a294900_w2038_t1506622129.jpg","height":0,"width":0},"url":"https:\/\/www.ha-ro.cz\/dusevni-zdravi\/","wordCount":418,"articleBody":"Spoustu lid\u00ed si mysl\u00ed, \u017ee du\u0161evn\u00ed probl\u00e9my jsou velmi ojedin\u011bl\u00e1 v\u011bc, lidi s nimi nejsou schopni norm\u00e1ln\u00edho \u017eivota a m\u011bli by b\u00fdt zav\u0159eni v &#8222;bl\u00e1zinci&#8220;. Ale opak je pravdou, deprese, smutek, panika \u010di extr\u00e9mn\u00ed a necht\u011bn\u00e9 vy\u010dlen\u011bn\u00ed ze spole\u010dnosti? Tyto probl\u00e9my jsou v dne\u0161n\u00edm sv\u011bt\u011b \u010dast\u011bj\u0161\u00ed, ne\u017e si mysl\u00edte.Stud si \u0159\u00edct o pomocCo kdy\u017e se n\u011bkomu sv\u011b\u0159\u00edm? Jsem norm\u00e1ln\u00ed? M\u011bla bych br\u00e1t l\u00e9ky? Co kdy\u017e m\u011b n\u011bkam zav\u0159ou? Nep\u0159eh\u00e1n\u00edm? V\u0161echny tyto ot\u00e1zky si ur\u010dit\u011b aspo\u0148 jednou polo\u017eil ka\u017ed\u00fd, kdo m\u011bl podez\u0159en\u00ed na sv\u00e9 vlastn\u00ed psychick\u00e9 probl\u00e9my. Nen\u00ed se za co styd\u011bt! Jako prvn\u00ed krok je dobr\u00e9 se sv\u011b\u0159it n\u011bkomu bl\u00edzk\u00e9mu, \u0159\u00edct mu sv\u00e9 pocity a probl\u00e9my, ale pokud se chcete rovnou poradit s profesion\u00e1lem, nen\u00ed na tom tak\u00e9 nic \u0161patn\u00e9ho. Nejste v tom sami a nikdo z profesion\u00e1l\u016f na V\u00e1s nebude &#8222;koukat divn\u011b&#8220; \u010di soudit.M\u00e1m probl\u00e9m a chci ho \u0159e\u0161it! Na koho se obr\u00e1tit?Pokud jste do\u0161li k rozhodnut\u00ed si \u0159\u00edct o odbornou pomoc, jako prvn\u00ed chci \u0159\u00edct, \u017ee V\u00e1m gratuluju. Je to velk\u00fd krok vp\u0159ed. Dal\u0161\u00ed p\u0159ich\u00e1z\u00ed na \u0159adu volba odborn\u00edka, psycholog \u010di psychiatr? Rozd\u00edly mezi nimi jsou velk\u00e9, proto V\u00e1m snad n\u00e1sleduj\u00edc\u00ed informace pom\u016f\u017eou se rozhodnout.\u00a0\u00a0\u00a0\u00a0\u00a0\u00a0\u00a0\u00a0\u00a0\u00a0\u00a0\u00a0\u00a0\u00a0\u00a0 \u00a0Psycholog\u00a0\u00a0\u00a0\u00a0\u00a0\u00a0\u00a0\u00a0\u00a0\u00a0\u00a0\u00a0\u00a0\u00a0\u00a0\u00a0\u00a0\u00a0\u00a0\u00a0 \u00a0\u00a0\u00a0\u00a0\u00a0\u00a0\u00a0\u00a0\u00a0\u00a0\u00a0\u00a0\u00a0\u00a0\u00a0\u00a0\u00a0\u00a0\u00a0\u00a0\u00a0\u00a0\u00a0\u00a0\u00a0\u00a0\u00a0\u00a0\u00a0\u00a0\u00a0\u00a0\u00a0\u00a0\u00a0\u00a0\u00a0\u00a0\u00a0\u00a0\u00a0\u00a0\u00a0\u00a0\u00a0\u00a0\u00a0\u00a0\u00a0\u00a0\u00a0\u00a0\u00a0\u00a0\u00a0\u00a0Psychiatr\t\t\t\tBude s v\u00e1mi do hloubky \u0159e\u0161it V\u00e1\u0161 probl\u00e9m, a to po jednotliv\u00fdch sezen\u00edch, kter\u00e9 v\u011bt\u0161inou trvaj\u00ed kolem jedn\u00e9 hodiny\t\t\t\tV\u00e1\u0161 probl\u00e9m bude samoz\u0159ejm\u011b \u0159e\u0161it tak\u00e9, ale ne tak do hloubky, jako V\u00e1\u0161 terapeut\/psycholog, bude se mluvit o medikaci a tak d\u00e1le\t\t\t\tTempo je na V\u00e1s, nikdo V\u00e1m nebude \u0159\u00edkat co v dan\u00e9 sezen\u00ed mus\u00edte \u0159\u00edct, pouze se bude pt\u00e1t na dopl\u0148uj\u00edc\u00ed ot\u00e1zky\t\t\t\t\u010casto spolupracuje s psychology, nap\u0159. na psychologick\u00e9 testy pos\u00edl\u00e1 sv\u00e9 pacienty pr\u00e1v\u011b tam\t\t\t\tNen\u00ed v jeho kompetenci V\u00e1m ps\u00e1t medikaci\t\t\t\tJe v jeho kompetenci V\u00e1m ps\u00e1t medikaci\u00a0M\u016f\u017eete samoz\u0159ejm\u011b doch\u00e1zet sou\u010dasn\u011b k ob\u011bma odborn\u00edk\u016fm, zv\u00e1\u017e\u00ed V\u00e1\u0161 psychick\u00fd stav a spolu nebo jednotliv\u011b vyhodnot\u00ed spr\u00e1vnou l\u00e9\u010dbu p\u0159\u00edmo pro V\u00e1\u0161 probl\u00e9m. Hodn\u011b \u0161t\u011bst\u00ed ve Va\u0161\u00ed cest\u011b k psychick\u00e9 pohod\u011b a zdrav\u00ed.                                                                                                                                                                                                                                                                                                                                                                                        3.9\/5 - (14 votes)        "},{"@context":"https:\/\/schema.org\/","@type":"BreadcrumbList","itemListElement":[{"@type":"ListItem","position":1,"name":"Du\u0161evn\u00ed zdrav\u00ed","item":"https:\/\/www.ha-ro.cz\/dusevni-zdravi\/#breadcrumbitem"}]}]